{"id":410,"date":"2025-09-01T17:15:34","date_gmt":"2025-09-01T15:15:34","guid":{"rendered":"https:\/\/lcp-services.fr\/?p=410"},"modified":"2025-09-04T17:02:59","modified_gmt":"2025-09-04T15:02:59","slug":"adapter-une-salle-de-bain-pour-une-personne-agee","status":"publish","type":"post","link":"https:\/\/lcp-services.fr\/index.php\/2025\/09\/01\/adapter-une-salle-de-bain-pour-une-personne-agee\/","title":{"rendered":"Adapter une salle de bain pour une personne \u00e2g\u00e9e"},"content":{"rendered":"\n<p>Nous aimons beaucoup intervenir chez nos a\u00een\u00e9s. Pas simplement parce qu&rsquo;ils s&rsquo;occupent bien de nous pendant le chantier (non non :p) mais parce que c&rsquo;est l\u00e0 que nous sommes presque le plus utiles : <strong>adapter une salle de bain ou un WC, c&rsquo;est assurer l&rsquo;autonomie de la personne pendant quelques temps<\/strong>. C&rsquo;est permettre \u00e0 nos clients de rester chez eux sans risque de glissade et de chute.<\/p>\n\n\n\n<div style=\"height:26px\" aria-hidden=\"true\" class=\"wp-block-spacer\"><\/div>\n\n\n\n<h2 class=\"wp-block-heading\">1. Ajouter des barres d&rsquo; appui et des rampes<\/h2>\n\n\n\n<div class=\"wp-block-media-text is-stacked-on-mobile\"><figure class=\"wp-block-media-text__media\"><img loading=\"lazy\" decoding=\"async\" width=\"1024\" height=\"683\" src=\"https:\/\/lcp-services.fr\/wp-content\/uploads\/2025\/07\/poignee-wc-trieves-la-mure-1024x683.png\" alt=\"\" class=\"wp-image-411 size-full\" srcset=\"https:\/\/lcp-services.fr\/wp-content\/uploads\/2025\/07\/poignee-wc-trieves-la-mure-1024x683.png 1024w, https:\/\/lcp-services.fr\/wp-content\/uploads\/2025\/07\/poignee-wc-trieves-la-mure-300x200.png 300w, https:\/\/lcp-services.fr\/wp-content\/uploads\/2025\/07\/poignee-wc-trieves-la-mure-768x512.png 768w, https:\/\/lcp-services.fr\/wp-content\/uploads\/2025\/07\/poignee-wc-trieves-la-mure-360x240.png 360w, https:\/\/lcp-services.fr\/wp-content\/uploads\/2025\/07\/poignee-wc-trieves-la-mure.png 1200w\" sizes=\"auto, (max-width: 1024px) 100vw, 1024px\" \/><\/figure><div class=\"wp-block-media-text__content\">\n<p>La poign\u00e9e sera l&rsquo;\u00e9quipement de base, \u00e0 la salle de bain ou dans les toilettes. Elle permet \u00e0 la personne de s&rsquo;aider \u00e0 se relever, d&rsquo;assurer sa stabilit\u00e9. Les poign\u00e9es sont peu ch\u00e8res (d\u00e8s une trentaine d&rsquo;euros) et faciles \u00e0 installer avec un minimum d&rsquo;outils. Les rampes pour acc\u00e9der \u00e0 une douche sur\u00e9lev\u00e9e existent aussi \u00e0 petit prix.<\/p>\n<\/div><\/div>\n\n\n\n<div style=\"height:26px\" aria-hidden=\"true\" class=\"wp-block-spacer\"><\/div>\n\n\n\n<h2 class=\"wp-block-heading\">2. Sur\u00e9lever les toilettes pour une assise plus facile<\/h2>\n\n\n\n<div class=\"wp-block-media-text has-media-on-the-right is-stacked-on-mobile\" style=\"grid-template-columns:auto 42%\"><div class=\"wp-block-media-text__content\">\n<p>La hauteur standard pour un WC est de 40 cm en France. Ce qui nous parait une hauteur normale peut devenir difficile avec l&rsquo;\u00e2ge. Sur\u00e9lever un WC peut se faire l&rsquo;aide d&rsquo;une r\u00e9hausseur sur si\u00e8ge (un gros coussin dur \u00e0 nettoyer de temps en temps) ou en installant le WC plus haut, sur une marche, ou en choisissant un WC suspendu. Contactez-nous pour un <a href=\"mailto:contact@lcp-services.fr\">devis de WC sur\u00e9lev\u00e9 en Is\u00e8re<\/a>.<\/p>\n<\/div><figure class=\"wp-block-media-text__media\"><img loading=\"lazy\" decoding=\"async\" width=\"1536\" height=\"2048\" src=\"https:\/\/lcp-services.fr\/wp-content\/uploads\/2025\/07\/IMG_3969.jpeg\" alt=\"\" class=\"wp-image-412 size-full\" srcset=\"https:\/\/lcp-services.fr\/wp-content\/uploads\/2025\/07\/IMG_3969.jpeg 1536w, https:\/\/lcp-services.fr\/wp-content\/uploads\/2025\/07\/IMG_3969-225x300.jpeg 225w, https:\/\/lcp-services.fr\/wp-content\/uploads\/2025\/07\/IMG_3969-768x1024.jpeg 768w, https:\/\/lcp-services.fr\/wp-content\/uploads\/2025\/07\/IMG_3969-1152x1536.jpeg 1152w\" sizes=\"auto, (max-width: 1536px) 100vw, 1536px\" \/><\/figure><\/div>\n\n\n\n<div style=\"height:26px\" aria-hidden=\"true\" class=\"wp-block-spacer\"><\/div>\n\n\n\n<h2 class=\"wp-block-heading\">3. Changer une baignoire pour une douche<\/h2>\n\n\n\n<p>Adapter une salle de bain pour une personne \u00e2g\u00e9e c&rsquo;est souvent dire au-revoir \u00e0 la baignoire et installer une douche. Ce changement ne signifie pas perdre en confort, au contraire ! La nouvelle douche sera adapt\u00e9e aux dimensions de la baignoire et proposera une assise. Nos clients nous disent souvent qu&rsquo;ils regrettent n&rsquo;avoir pas fait la transformation plus t\u00f4t. Les assises de douche peuvent \u00eatre en angle, en forme de banc, amovible&#8230; Sur l&rsquo;avant-apr\u00e8s ci-dessous, le si\u00e8ge se trouve dans l&rsquo;angle de la nouvelle douche.<\/p>\n\n\n\n<figure class=\"wp-block-gallery has-nested-images columns-default is-cropped wp-block-gallery-1 is-layout-flex wp-block-gallery-is-layout-flex\">\n<figure class=\"wp-block-image size-large\"><img loading=\"lazy\" decoding=\"async\" width=\"768\" height=\"1024\" data-id=\"415\" src=\"https:\/\/lcp-services.fr\/wp-content\/uploads\/2025\/07\/IMG_3951-768x1024.jpeg\" alt=\"\" class=\"wp-image-415\" srcset=\"https:\/\/lcp-services.fr\/wp-content\/uploads\/2025\/07\/IMG_3951-768x1024.jpeg 768w, https:\/\/lcp-services.fr\/wp-content\/uploads\/2025\/07\/IMG_3951-225x300.jpeg 225w, https:\/\/lcp-services.fr\/wp-content\/uploads\/2025\/07\/IMG_3951-1152x1536.jpeg 1152w, https:\/\/lcp-services.fr\/wp-content\/uploads\/2025\/07\/IMG_3951.jpeg 1536w\" sizes=\"auto, (max-width: 768px) 100vw, 768px\" \/><figcaption class=\"wp-element-caption\">AVANT<\/figcaption><\/figure>\n\n\n\n<figure class=\"wp-block-image size-large\"><img loading=\"lazy\" decoding=\"async\" width=\"768\" height=\"1024\" data-id=\"416\" src=\"https:\/\/lcp-services.fr\/wp-content\/uploads\/2025\/07\/IMG_3963-768x1024.jpeg\" alt=\"\" class=\"wp-image-416\" srcset=\"https:\/\/lcp-services.fr\/wp-content\/uploads\/2025\/07\/IMG_3963-768x1024.jpeg 768w, https:\/\/lcp-services.fr\/wp-content\/uploads\/2025\/07\/IMG_3963-225x300.jpeg 225w, https:\/\/lcp-services.fr\/wp-content\/uploads\/2025\/07\/IMG_3963-1152x1536.jpeg 1152w, https:\/\/lcp-services.fr\/wp-content\/uploads\/2025\/07\/IMG_3963.jpeg 1536w\" sizes=\"auto, (max-width: 768px) 100vw, 768px\" \/><figcaption class=\"wp-element-caption\">APRES<\/figcaption><\/figure>\n<\/figure>\n\n\n\n<p>Il y a d&rsquo;autres adaptations possibles, des rev\u00eatements anti-d\u00e9rapage, des boutons d&rsquo;alerte&#8230; Contactez-nous pour discuter des solutions qui s&rsquo;offrent \u00e0 vous !<\/p>\n\n\n\n<div style=\"height:26px\" aria-hidden=\"true\" class=\"wp-block-spacer\"><\/div>\n\n\n\n<h2 class=\"wp-block-heading\">Les aides pour l&rsquo;adaptation du logement<\/h2>\n\n\n\n<p>Depuis Janvier 2024, MaPrimeAdapt&rsquo; est disponible pour les propri\u00e9taires ou les locataires sous conditions de revenus. Elle peut couvrir jusqu&rsquo;\u00e0 70% des travaux indiqu\u00e9s ci-dessus, ou encore des \u00e9largissements de portes pour les fauteuils, de l&rsquo;installation d&rsquo;un monte-escalier, etc. Pour en savoir plus, c&rsquo;est par ici -> <a href=\"https:\/\/www.monparcourshandicap.gouv.fr\/aides\/maprimeadapt#quels-sont-les-criteres-d-attribution-de-maprimeadapt\">MaPrimeAdapt&rsquo;<\/a>.<\/p>\n\n\n\n<p><\/p>\n","protected":false},"excerpt":{"rendered":"<p>Nous aimons beaucoup intervenir chez nos a\u00een\u00e9s. Pas simplement parce qu&rsquo;ils s&rsquo;occupent bien de nous pendant le chantier (non non :p) mais parce que c&rsquo;est l\u00e0 que nous sommes presque le plus utiles : adapter une salle de bain ou un WC, c&rsquo;est assurer l&rsquo;autonomie de la personne pendant quelques [&hellip;]<\/p>\n","protected":false},"author":1,"featured_media":413,"comment_status":"open","ping_status":"open","sticky":false,"template":"","format":"standard","meta":{"footnotes":""},"categories":[16],"tags":[28,25,23,24,27],"class_list":["post-410","post","type-post","status-publish","format-standard","has-post-thumbnail","hentry","category-plomberie","tag-handicape","tag-personnes-agees","tag-salle-de-bain","tag-senior","tag-wc-sureleve"],"yoast_head":"<!-- This site is optimized with the Yoast SEO plugin v27.4 - https:\/\/yoast.com\/product\/yoast-seo-wordpress\/ -->\n<title>Adapter une salle de bain pour une personne \u00e2g\u00e9e - LCP Services<\/title>\n<meta name=\"description\" content=\"Les personnes \u00e2g\u00e9es peuvent avoir besoin d&#039;adapter une salle de bain pour conserver leur autonomie et vivre en s\u00e9curit\u00e9. Quelques id\u00e9es...\" \/>\n<meta name=\"robots\" content=\"index, follow, max-snippet:-1, max-image-preview:large, max-video-preview:-1\" \/>\n<link rel=\"canonical\" href=\"https:\/\/lcp-services.fr\/index.php\/2025\/09\/01\/adapter-une-salle-de-bain-pour-une-personne-agee\/\" \/>\n<meta property=\"og:locale\" content=\"fr_FR\" \/>\n<meta property=\"og:type\" content=\"article\" \/>\n<meta property=\"og:title\" content=\"Adapter une salle de bain pour une personne \u00e2g\u00e9e - LCP Services\" \/>\n<meta property=\"og:description\" content=\"Les personnes \u00e2g\u00e9es peuvent avoir besoin d&#039;adapter une salle de bain pour conserver leur autonomie et vivre en s\u00e9curit\u00e9. Quelques id\u00e9es...\" \/>\n<meta property=\"og:url\" content=\"https:\/\/lcp-services.fr\/index.php\/2025\/09\/01\/adapter-une-salle-de-bain-pour-une-personne-agee\/\" \/>\n<meta property=\"og:site_name\" content=\"LCP Services\" \/>\n<meta property=\"article:published_time\" content=\"2025-09-01T15:15:34+00:00\" \/>\n<meta property=\"article:modified_time\" content=\"2025-09-04T15:02:59+00:00\" \/>\n<meta property=\"og:image\" content=\"https:\/\/lcp-services.fr\/wp-content\/uploads\/2025\/07\/salle-bain-senior-isere-la-mure-1024x683.png\" \/>\n\t<meta property=\"og:image:width\" content=\"1024\" \/>\n\t<meta property=\"og:image:height\" content=\"683\" \/>\n\t<meta property=\"og:image:type\" content=\"image\/png\" \/>\n<meta name=\"author\" content=\"Vero &amp; Lau\" \/>\n<meta name=\"twitter:card\" content=\"summary_large_image\" \/>\n<meta name=\"twitter:label1\" content=\"\u00c9crit par\" \/>\n\t<meta name=\"twitter:data1\" content=\"Vero &amp; Lau\" \/>\n\t<meta name=\"twitter:label2\" content=\"Dur\u00e9e de lecture estim\u00e9e\" \/>\n\t<meta name=\"twitter:data2\" content=\"3 minutes\" \/>\n<script type=\"application\/ld+json\" class=\"yoast-schema-graph\">{\"@context\":\"https:\\\/\\\/schema.org\",\"@graph\":[{\"@type\":\"Article\",\"@id\":\"https:\\\/\\\/lcp-services.fr\\\/index.php\\\/2025\\\/09\\\/01\\\/adapter-une-salle-de-bain-pour-une-personne-agee\\\/#article\",\"isPartOf\":{\"@id\":\"https:\\\/\\\/lcp-services.fr\\\/index.php\\\/2025\\\/09\\\/01\\\/adapter-une-salle-de-bain-pour-une-personne-agee\\\/\"},\"author\":{\"name\":\"Vero &amp; Lau\",\"@id\":\"https:\\\/\\\/lcp-services.fr\\\/#\\\/schema\\\/person\\\/f0b05fb197e71e4a219fa992f8ff992e\"},\"headline\":\"Adapter une salle de bain pour une personne \u00e2g\u00e9e\",\"datePublished\":\"2025-09-01T15:15:34+00:00\",\"dateModified\":\"2025-09-04T15:02:59+00:00\",\"mainEntityOfPage\":{\"@id\":\"https:\\\/\\\/lcp-services.fr\\\/index.php\\\/2025\\\/09\\\/01\\\/adapter-une-salle-de-bain-pour-une-personne-agee\\\/\"},\"wordCount\":400,\"commentCount\":0,\"publisher\":{\"@id\":\"https:\\\/\\\/lcp-services.fr\\\/#organization\"},\"image\":{\"@id\":\"https:\\\/\\\/lcp-services.fr\\\/index.php\\\/2025\\\/09\\\/01\\\/adapter-une-salle-de-bain-pour-une-personne-agee\\\/#primaryimage\"},\"thumbnailUrl\":\"https:\\\/\\\/lcp-services.fr\\\/wp-content\\\/uploads\\\/2025\\\/07\\\/salle-bain-senior-isere-la-mure.png\",\"keywords\":[\"handicap\u00e9\",\"personnes ag\u00e9es\",\"salle de bain\",\"senior\",\"wc sur\u00e9lev\u00e9\"],\"articleSection\":[\"Plomberie\"],\"inLanguage\":\"fr-FR\",\"potentialAction\":[{\"@type\":\"CommentAction\",\"name\":\"Comment\",\"target\":[\"https:\\\/\\\/lcp-services.fr\\\/index.php\\\/2025\\\/09\\\/01\\\/adapter-une-salle-de-bain-pour-une-personne-agee\\\/#respond\"]}]},{\"@type\":\"WebPage\",\"@id\":\"https:\\\/\\\/lcp-services.fr\\\/index.php\\\/2025\\\/09\\\/01\\\/adapter-une-salle-de-bain-pour-une-personne-agee\\\/\",\"url\":\"https:\\\/\\\/lcp-services.fr\\\/index.php\\\/2025\\\/09\\\/01\\\/adapter-une-salle-de-bain-pour-une-personne-agee\\\/\",\"name\":\"Adapter une salle de bain pour une personne \u00e2g\u00e9e - LCP Services\",\"isPartOf\":{\"@id\":\"https:\\\/\\\/lcp-services.fr\\\/#website\"},\"primaryImageOfPage\":{\"@id\":\"https:\\\/\\\/lcp-services.fr\\\/index.php\\\/2025\\\/09\\\/01\\\/adapter-une-salle-de-bain-pour-une-personne-agee\\\/#primaryimage\"},\"image\":{\"@id\":\"https:\\\/\\\/lcp-services.fr\\\/index.php\\\/2025\\\/09\\\/01\\\/adapter-une-salle-de-bain-pour-une-personne-agee\\\/#primaryimage\"},\"thumbnailUrl\":\"https:\\\/\\\/lcp-services.fr\\\/wp-content\\\/uploads\\\/2025\\\/07\\\/salle-bain-senior-isere-la-mure.png\",\"datePublished\":\"2025-09-01T15:15:34+00:00\",\"dateModified\":\"2025-09-04T15:02:59+00:00\",\"description\":\"Les personnes \u00e2g\u00e9es peuvent avoir besoin d'adapter une salle de bain pour conserver leur autonomie et vivre en s\u00e9curit\u00e9. Quelques id\u00e9es...\",\"breadcrumb\":{\"@id\":\"https:\\\/\\\/lcp-services.fr\\\/index.php\\\/2025\\\/09\\\/01\\\/adapter-une-salle-de-bain-pour-une-personne-agee\\\/#breadcrumb\"},\"inLanguage\":\"fr-FR\",\"potentialAction\":[{\"@type\":\"ReadAction\",\"target\":[\"https:\\\/\\\/lcp-services.fr\\\/index.php\\\/2025\\\/09\\\/01\\\/adapter-une-salle-de-bain-pour-une-personne-agee\\\/\"]}]},{\"@type\":\"ImageObject\",\"inLanguage\":\"fr-FR\",\"@id\":\"https:\\\/\\\/lcp-services.fr\\\/index.php\\\/2025\\\/09\\\/01\\\/adapter-une-salle-de-bain-pour-une-personne-agee\\\/#primaryimage\",\"url\":\"https:\\\/\\\/lcp-services.fr\\\/wp-content\\\/uploads\\\/2025\\\/07\\\/salle-bain-senior-isere-la-mure.png\",\"contentUrl\":\"https:\\\/\\\/lcp-services.fr\\\/wp-content\\\/uploads\\\/2025\\\/07\\\/salle-bain-senior-isere-la-mure.png\",\"width\":1536,\"height\":1024},{\"@type\":\"BreadcrumbList\",\"@id\":\"https:\\\/\\\/lcp-services.fr\\\/index.php\\\/2025\\\/09\\\/01\\\/adapter-une-salle-de-bain-pour-une-personne-agee\\\/#breadcrumb\",\"itemListElement\":[{\"@type\":\"ListItem\",\"position\":1,\"name\":\"Accueil\",\"item\":\"https:\\\/\\\/lcp-services.fr\\\/\"},{\"@type\":\"ListItem\",\"position\":2,\"name\":\"Adapter une salle de bain pour une personne \u00e2g\u00e9e\"}]},{\"@type\":\"WebSite\",\"@id\":\"https:\\\/\\\/lcp-services.fr\\\/#website\",\"url\":\"https:\\\/\\\/lcp-services.fr\\\/\",\"name\":\"LCP Services\",\"description\":\"Plomberie Electricit\u00e9 \u00e0 la Mure, Matheysine, Tri\u00e8ves, Beaumont, Vizille, Vif\",\"publisher\":{\"@id\":\"https:\\\/\\\/lcp-services.fr\\\/#organization\"},\"potentialAction\":[{\"@type\":\"SearchAction\",\"target\":{\"@type\":\"EntryPoint\",\"urlTemplate\":\"https:\\\/\\\/lcp-services.fr\\\/?s={search_term_string}\"},\"query-input\":{\"@type\":\"PropertyValueSpecification\",\"valueRequired\":true,\"valueName\":\"search_term_string\"}}],\"inLanguage\":\"fr-FR\"},{\"@type\":\"Organization\",\"@id\":\"https:\\\/\\\/lcp-services.fr\\\/#organization\",\"name\":\"LCP Services\",\"url\":\"https:\\\/\\\/lcp-services.fr\\\/\",\"logo\":{\"@type\":\"ImageObject\",\"inLanguage\":\"fr-FR\",\"@id\":\"https:\\\/\\\/lcp-services.fr\\\/#\\\/schema\\\/logo\\\/image\\\/\",\"url\":\"https:\\\/\\\/lcp-services.fr\\\/wp-content\\\/uploads\\\/2024\\\/02\\\/cropped-logo.png\",\"contentUrl\":\"https:\\\/\\\/lcp-services.fr\\\/wp-content\\\/uploads\\\/2024\\\/02\\\/cropped-logo.png\",\"width\":792,\"height\":1115,\"caption\":\"LCP Services\"},\"image\":{\"@id\":\"https:\\\/\\\/lcp-services.fr\\\/#\\\/schema\\\/logo\\\/image\\\/\"}},{\"@type\":\"Person\",\"@id\":\"https:\\\/\\\/lcp-services.fr\\\/#\\\/schema\\\/person\\\/f0b05fb197e71e4a219fa992f8ff992e\",\"name\":\"Vero &amp; Lau\",\"image\":{\"@type\":\"ImageObject\",\"inLanguage\":\"fr-FR\",\"@id\":\"https:\\\/\\\/secure.gravatar.com\\\/avatar\\\/7f9f61a5e0813d5317f85d91d9acc3426e888bd8de72255dd886aca9488438d0?s=96&d=mm&r=g\",\"url\":\"https:\\\/\\\/secure.gravatar.com\\\/avatar\\\/7f9f61a5e0813d5317f85d91d9acc3426e888bd8de72255dd886aca9488438d0?s=96&d=mm&r=g\",\"contentUrl\":\"https:\\\/\\\/secure.gravatar.com\\\/avatar\\\/7f9f61a5e0813d5317f85d91d9acc3426e888bd8de72255dd886aca9488438d0?s=96&d=mm&r=g\",\"caption\":\"Vero &amp; Lau\"},\"sameAs\":[\"http:\\\/\\\/lcp-services.fr\"],\"url\":\"https:\\\/\\\/lcp-services.fr\\\/index.php\\\/author\\\/admin9741\\\/\"}]}<\/script>\n<!-- \/ Yoast SEO plugin. -->","yoast_head_json":{"title":"Adapter une salle de bain pour une personne \u00e2g\u00e9e - LCP Services","description":"Les personnes \u00e2g\u00e9es peuvent avoir besoin d'adapter une salle de bain pour conserver leur autonomie et vivre en s\u00e9curit\u00e9. Quelques id\u00e9es...","robots":{"index":"index","follow":"follow","max-snippet":"max-snippet:-1","max-image-preview":"max-image-preview:large","max-video-preview":"max-video-preview:-1"},"canonical":"https:\/\/lcp-services.fr\/index.php\/2025\/09\/01\/adapter-une-salle-de-bain-pour-une-personne-agee\/","og_locale":"fr_FR","og_type":"article","og_title":"Adapter une salle de bain pour une personne \u00e2g\u00e9e - LCP Services","og_description":"Les personnes \u00e2g\u00e9es peuvent avoir besoin d'adapter une salle de bain pour conserver leur autonomie et vivre en s\u00e9curit\u00e9. Quelques id\u00e9es...","og_url":"https:\/\/lcp-services.fr\/index.php\/2025\/09\/01\/adapter-une-salle-de-bain-pour-une-personne-agee\/","og_site_name":"LCP Services","article_published_time":"2025-09-01T15:15:34+00:00","article_modified_time":"2025-09-04T15:02:59+00:00","og_image":[{"width":1024,"height":683,"url":"https:\/\/lcp-services.fr\/wp-content\/uploads\/2025\/07\/salle-bain-senior-isere-la-mure-1024x683.png","type":"image\/png"}],"author":"Vero &amp; Lau","twitter_card":"summary_large_image","twitter_misc":{"\u00c9crit par":"Vero &amp; Lau","Dur\u00e9e de lecture estim\u00e9e":"3 minutes"},"schema":{"@context":"https:\/\/schema.org","@graph":[{"@type":"Article","@id":"https:\/\/lcp-services.fr\/index.php\/2025\/09\/01\/adapter-une-salle-de-bain-pour-une-personne-agee\/#article","isPartOf":{"@id":"https:\/\/lcp-services.fr\/index.php\/2025\/09\/01\/adapter-une-salle-de-bain-pour-une-personne-agee\/"},"author":{"name":"Vero &amp; Lau","@id":"https:\/\/lcp-services.fr\/#\/schema\/person\/f0b05fb197e71e4a219fa992f8ff992e"},"headline":"Adapter une salle de bain pour une personne \u00e2g\u00e9e","datePublished":"2025-09-01T15:15:34+00:00","dateModified":"2025-09-04T15:02:59+00:00","mainEntityOfPage":{"@id":"https:\/\/lcp-services.fr\/index.php\/2025\/09\/01\/adapter-une-salle-de-bain-pour-une-personne-agee\/"},"wordCount":400,"commentCount":0,"publisher":{"@id":"https:\/\/lcp-services.fr\/#organization"},"image":{"@id":"https:\/\/lcp-services.fr\/index.php\/2025\/09\/01\/adapter-une-salle-de-bain-pour-une-personne-agee\/#primaryimage"},"thumbnailUrl":"https:\/\/lcp-services.fr\/wp-content\/uploads\/2025\/07\/salle-bain-senior-isere-la-mure.png","keywords":["handicap\u00e9","personnes ag\u00e9es","salle de bain","senior","wc sur\u00e9lev\u00e9"],"articleSection":["Plomberie"],"inLanguage":"fr-FR","potentialAction":[{"@type":"CommentAction","name":"Comment","target":["https:\/\/lcp-services.fr\/index.php\/2025\/09\/01\/adapter-une-salle-de-bain-pour-une-personne-agee\/#respond"]}]},{"@type":"WebPage","@id":"https:\/\/lcp-services.fr\/index.php\/2025\/09\/01\/adapter-une-salle-de-bain-pour-une-personne-agee\/","url":"https:\/\/lcp-services.fr\/index.php\/2025\/09\/01\/adapter-une-salle-de-bain-pour-une-personne-agee\/","name":"Adapter une salle de bain pour une personne \u00e2g\u00e9e - LCP Services","isPartOf":{"@id":"https:\/\/lcp-services.fr\/#website"},"primaryImageOfPage":{"@id":"https:\/\/lcp-services.fr\/index.php\/2025\/09\/01\/adapter-une-salle-de-bain-pour-une-personne-agee\/#primaryimage"},"image":{"@id":"https:\/\/lcp-services.fr\/index.php\/2025\/09\/01\/adapter-une-salle-de-bain-pour-une-personne-agee\/#primaryimage"},"thumbnailUrl":"https:\/\/lcp-services.fr\/wp-content\/uploads\/2025\/07\/salle-bain-senior-isere-la-mure.png","datePublished":"2025-09-01T15:15:34+00:00","dateModified":"2025-09-04T15:02:59+00:00","description":"Les personnes \u00e2g\u00e9es peuvent avoir besoin d'adapter une salle de bain pour conserver leur autonomie et vivre en s\u00e9curit\u00e9. Quelques id\u00e9es...","breadcrumb":{"@id":"https:\/\/lcp-services.fr\/index.php\/2025\/09\/01\/adapter-une-salle-de-bain-pour-une-personne-agee\/#breadcrumb"},"inLanguage":"fr-FR","potentialAction":[{"@type":"ReadAction","target":["https:\/\/lcp-services.fr\/index.php\/2025\/09\/01\/adapter-une-salle-de-bain-pour-une-personne-agee\/"]}]},{"@type":"ImageObject","inLanguage":"fr-FR","@id":"https:\/\/lcp-services.fr\/index.php\/2025\/09\/01\/adapter-une-salle-de-bain-pour-une-personne-agee\/#primaryimage","url":"https:\/\/lcp-services.fr\/wp-content\/uploads\/2025\/07\/salle-bain-senior-isere-la-mure.png","contentUrl":"https:\/\/lcp-services.fr\/wp-content\/uploads\/2025\/07\/salle-bain-senior-isere-la-mure.png","width":1536,"height":1024},{"@type":"BreadcrumbList","@id":"https:\/\/lcp-services.fr\/index.php\/2025\/09\/01\/adapter-une-salle-de-bain-pour-une-personne-agee\/#breadcrumb","itemListElement":[{"@type":"ListItem","position":1,"name":"Accueil","item":"https:\/\/lcp-services.fr\/"},{"@type":"ListItem","position":2,"name":"Adapter une salle de bain pour une personne \u00e2g\u00e9e"}]},{"@type":"WebSite","@id":"https:\/\/lcp-services.fr\/#website","url":"https:\/\/lcp-services.fr\/","name":"LCP Services","description":"Plomberie Electricit\u00e9 \u00e0 la Mure, Matheysine, Tri\u00e8ves, Beaumont, Vizille, Vif","publisher":{"@id":"https:\/\/lcp-services.fr\/#organization"},"potentialAction":[{"@type":"SearchAction","target":{"@type":"EntryPoint","urlTemplate":"https:\/\/lcp-services.fr\/?s={search_term_string}"},"query-input":{"@type":"PropertyValueSpecification","valueRequired":true,"valueName":"search_term_string"}}],"inLanguage":"fr-FR"},{"@type":"Organization","@id":"https:\/\/lcp-services.fr\/#organization","name":"LCP Services","url":"https:\/\/lcp-services.fr\/","logo":{"@type":"ImageObject","inLanguage":"fr-FR","@id":"https:\/\/lcp-services.fr\/#\/schema\/logo\/image\/","url":"https:\/\/lcp-services.fr\/wp-content\/uploads\/2024\/02\/cropped-logo.png","contentUrl":"https:\/\/lcp-services.fr\/wp-content\/uploads\/2024\/02\/cropped-logo.png","width":792,"height":1115,"caption":"LCP Services"},"image":{"@id":"https:\/\/lcp-services.fr\/#\/schema\/logo\/image\/"}},{"@type":"Person","@id":"https:\/\/lcp-services.fr\/#\/schema\/person\/f0b05fb197e71e4a219fa992f8ff992e","name":"Vero &amp; Lau","image":{"@type":"ImageObject","inLanguage":"fr-FR","@id":"https:\/\/secure.gravatar.com\/avatar\/7f9f61a5e0813d5317f85d91d9acc3426e888bd8de72255dd886aca9488438d0?s=96&d=mm&r=g","url":"https:\/\/secure.gravatar.com\/avatar\/7f9f61a5e0813d5317f85d91d9acc3426e888bd8de72255dd886aca9488438d0?s=96&d=mm&r=g","contentUrl":"https:\/\/secure.gravatar.com\/avatar\/7f9f61a5e0813d5317f85d91d9acc3426e888bd8de72255dd886aca9488438d0?s=96&d=mm&r=g","caption":"Vero &amp; Lau"},"sameAs":["http:\/\/lcp-services.fr"],"url":"https:\/\/lcp-services.fr\/index.php\/author\/admin9741\/"}]}},"_links":{"self":[{"href":"https:\/\/lcp-services.fr\/index.php\/wp-json\/wp\/v2\/posts\/410","targetHints":{"allow":["GET"]}}],"collection":[{"href":"https:\/\/lcp-services.fr\/index.php\/wp-json\/wp\/v2\/posts"}],"about":[{"href":"https:\/\/lcp-services.fr\/index.php\/wp-json\/wp\/v2\/types\/post"}],"author":[{"embeddable":true,"href":"https:\/\/lcp-services.fr\/index.php\/wp-json\/wp\/v2\/users\/1"}],"replies":[{"embeddable":true,"href":"https:\/\/lcp-services.fr\/index.php\/wp-json\/wp\/v2\/comments?post=410"}],"version-history":[{"count":7,"href":"https:\/\/lcp-services.fr\/index.php\/wp-json\/wp\/v2\/posts\/410\/revisions"}],"predecessor-version":[{"id":425,"href":"https:\/\/lcp-services.fr\/index.php\/wp-json\/wp\/v2\/posts\/410\/revisions\/425"}],"wp:featuredmedia":[{"embeddable":true,"href":"https:\/\/lcp-services.fr\/index.php\/wp-json\/wp\/v2\/media\/413"}],"wp:attachment":[{"href":"https:\/\/lcp-services.fr\/index.php\/wp-json\/wp\/v2\/media?parent=410"}],"wp:term":[{"taxonomy":"category","embeddable":true,"href":"https:\/\/lcp-services.fr\/index.php\/wp-json\/wp\/v2\/categories?post=410"},{"taxonomy":"post_tag","embeddable":true,"href":"https:\/\/lcp-services.fr\/index.php\/wp-json\/wp\/v2\/tags?post=410"}],"curies":[{"name":"wp","href":"https:\/\/api.w.org\/{rel}","templated":true}]}}